{"id":872,"date":"2024-03-08T17:22:31","date_gmt":"2024-03-08T20:22:31","guid":{"rendered":"https:\/\/termal.com.br\/?p=872"},"modified":"2024-03-08T17:24:28","modified_gmt":"2024-03-08T20:24:28","slug":"15o-open-castelo-2024","status":"publish","type":"post","link":"https:\/\/termal.com.br\/index.php\/2024\/03\/08\/15o-open-castelo-2024\/","title":{"rendered":"15\u00ba OPEN CASTELO 2024"},"content":{"rendered":"\n<p>Este ano a Super Final do Campeonato Capixaba de Voo Livre 2024 tem novidade:<\/p>\n\n\n\n<p>O 15\u00b0 Open Castelo contar\u00e1 com a parceria da&nbsp;<a href=\"https:\/\/www.instagram.com\/fvlerj\/\">@fvlerj<\/a>&nbsp;e tb ser\u00e1 sede da 2\u00aa Etapa do Campeonato Carioca de Parapente, entre os dias 19 a 21&nbsp;de Julho na cidade de Castelo-ES.<\/p>\n\n\n\n<p>O local da prova ser\u00e1 na Rampa de Ub\u00e1, uma das Rampas com maior n\u00edvel t\u00e9cnico do Mundo, que j\u00e1 foi sede da Super Final do Mundial de Parapente, Campeonato Sul-americano e atual sede da 1\u00aa Etapa do Campeonato Brasileiro de Parapente 2024.<\/p>\n\n\n\n<p>\u2022 Evento FAI2.<br>\u2022 Transporte para rampa saindo da cidade.<br>\u2022 Haver\u00e1 trackrs para os incritos.<br>\u2022 Camisetas para os inscritos.<\/p>\n\n\n\n<p><a href=\"https:\/\/www.instagram.com\/fvlerj\/\">@fvlerj<\/a><br><a href=\"https:\/\/www.instagram.com\/prefeituradecastelo\/\">@prefeituradecastelo<\/a><br><a href=\"https:\/\/www.instagram.com\/rampa_de_uba\/\">@rampa_de_uba<\/a><br><a href=\"https:\/\/www.instagram.com\/fcvl_es\/\">@fcvl_es<\/a><\/p>\n\n\n\n<figure class=\"wp-block-image size-full\"><img fetchpriority=\"high\" decoding=\"async\" width=\"661\" height=\"658\" src=\"https:\/\/termal.com.br\/wp-content\/uploads\/2024\/03\/Captura-de-tela-2024-03-08-171604.png\" alt=\"\" class=\"wp-image-873\" srcset=\"https:\/\/termal.com.br\/wp-content\/uploads\/2024\/03\/Captura-de-tela-2024-03-08-171604.png 661w, https:\/\/termal.com.br\/wp-content\/uploads\/2024\/03\/Captura-de-tela-2024-03-08-171604-300x300.png 300w, https:\/\/termal.com.br\/wp-content\/uploads\/2024\/03\/Captura-de-tela-2024-03-08-171604-150x150.png 150w\" sizes=\"(max-width: 661px) 100vw, 661px\" \/><\/figure>\n","protected":false},"excerpt":{"rendered":"<p>Este ano a Super Final do Campeonato Capixaba de Voo Livre 2024 tem novidade: O 15\u00b0 Open Castelo contar\u00e1 com a parceria da&nbsp;@fvlerj&nbsp;e tb ser\u00e1 sede da 2\u00aa Etapa do Campeonato Carioca de Parapente, entre os dias 19 a 21&nbsp;de Julho na cidade de Castelo-ES. O local da prova ser\u00e1 na Rampa de Ub\u00e1, uma [&hellip;]<\/p>\n","protected":false},"author":1,"featured_media":873,"comment_status":"closed","ping_status":"closed","sticky":false,"template":"","format":"standard","meta":{"footnotes":""},"categories":[1],"tags":[],"class_list":["post-872","post","type-post","status-publish","format-standard","has-post-thumbnail","hentry","category-sem-categoria"],"_links":{"self":[{"href":"https:\/\/termal.com.br\/index.php\/wp-json\/wp\/v2\/posts\/872","targetHints":{"allow":["GET"]}}],"collection":[{"href":"https:\/\/termal.com.br\/index.php\/wp-json\/wp\/v2\/posts"}],"about":[{"href":"https:\/\/termal.com.br\/index.php\/wp-json\/wp\/v2\/types\/post"}],"author":[{"embeddable":true,"href":"https:\/\/termal.com.br\/index.php\/wp-json\/wp\/v2\/users\/1"}],"replies":[{"embeddable":true,"href":"https:\/\/termal.com.br\/index.php\/wp-json\/wp\/v2\/comments?post=872"}],"version-history":[{"count":1,"href":"https:\/\/termal.com.br\/index.php\/wp-json\/wp\/v2\/posts\/872\/revisions"}],"predecessor-version":[{"id":874,"href":"https:\/\/termal.com.br\/index.php\/wp-json\/wp\/v2\/posts\/872\/revisions\/874"}],"wp:featuredmedia":[{"embeddable":true,"href":"https:\/\/termal.com.br\/index.php\/wp-json\/wp\/v2\/media\/873"}],"wp:attachment":[{"href":"https:\/\/termal.com.br\/index.php\/wp-json\/wp\/v2\/media?parent=872"}],"wp:term":[{"taxonomy":"category","embeddable":true,"href":"https:\/\/termal.com.br\/index.php\/wp-json\/wp\/v2\/categories?post=872"},{"taxonomy":"post_tag","embeddable":true,"href":"https:\/\/termal.com.br\/index.php\/wp-json\/wp\/v2\/tags?post=872"}],"curies":[{"name":"wp","href":"https:\/\/api.w.org\/{rel}","templated":true}]}}